{"id":4103,"date":"2025-07-04T16:11:47","date_gmt":"2025-07-04T16:11:47","guid":{"rendered":"https:\/\/salud.campeche.gob.mx\/?p=4103"},"modified":"2025-07-04T16:13:24","modified_gmt":"2025-07-04T16:13:24","slug":"integran-la-red-campechana-de-municipios-por-la-salud-2025-2027","status":"publish","type":"post","link":"https:\/\/salud.campeche.gob.mx\/?p=4103","title":{"rendered":"Integran la Red Campechana de municipios por la salud 2025-2027"},"content":{"rendered":"<p style=\"text-align: justify\">En representaci\u00f3n de la Gobernadora, Lic. Layda Elena Sansores San Rom\u00e1n, la secretaria, Josefa Castillo Avenda\u00f1o, encabez\u00f3 la instalaci\u00f3n y toma de protesta de la Red Campechana de Municipios por la Salud, que fortalecer\u00e1 la coordinaci\u00f3n con los municipios a trav\u00e9s del impulso de pol\u00edticas p\u00fablicas para prevenir y detectar de forma oportuna enfermedades que afecten el bienestar de la poblaci\u00f3n. Al dirigirse a los integrantes del Consejo Directivo 2025\u20132027, que lo conforman alcaldes y alcaldesas de los 13 municipios, asegur\u00f3 que el Gobierno de Todos tiene la convicci\u00f3n de que la salud es el pilar del desarrollo, bienestar y justicia social, por lo que la Red es importante por ser el foro donde los municipios expresan sus preocupaciones y generan proyectos de promoci\u00f3n sobre el autocuidado. \u201cHoy destacamos este espacio de interacci\u00f3n entre la Secretar\u00eda de Salud y los gobiernos locales, pues es el escenario de asesor\u00eda, an\u00e1lisis y toma de acuerdos en b\u00fasqueda del bienestar de los campechanos, permitiendo que le demos soluci\u00f3n a los problemas que amenacen la salud de la poblaci\u00f3n\u201d, enfatiz\u00f3 Castillo Avenda\u00f1o. Asegur\u00f3 que el sector se ha enfrentado a desaf\u00edos recientes como brotes de sarampi\u00f3n, tos ferina, dengue, fen\u00f3menos meteorol\u00f3gicos y problemas comunes que requieren del esfuerzo coordinado para su atenci\u00f3n. Inform\u00f3 que previo a la elecci\u00f3n del Consejo, se reunieron con las autoridades municipales y directivos del sector, para analizar las acciones de sus Comit\u00e9s Municipales de Salud, requisito fundamental para encauzar las necesidades poblacionales respecto de los determinantes sociales, ambientales y personales que prioriza atender el dengue, la rabia, sobrepeso, obesidad, violencia, igualdad de g\u00e9nero, paludismo, prevenci\u00f3n de accidentes, salud mental, de la mujer y adicciones. Por su parte, el presidente de la Junta de Gobierno y Administraci\u00f3n del Congreso del Estado, Antonio Jim\u00e9nez Guti\u00e9rrez, manifest\u00f3 que se debe procurar la coordinaci\u00f3n entre los municipios, el estado y el poder legislativo para dar atenci\u00f3n prioritaria a las Casas de Salud para garantizar la atenci\u00f3n de calidad en zonas rurales. El consejo directivo lo conforman los presidentes municipales de Esc\u00e1rcega, Juan Carlos Hern\u00e1ndez Rath, como presidente; de Hopelch\u00e9n, Hiram Aranda Calder\u00f3n, secretario de Coordinaci\u00f3n y de Candelaria, Jaime Mu\u00f1oz Morf\u00edn, como secretario de Seguimiento y Evaluaci\u00f3n.<\/p>\n","protected":false},"excerpt":{"rendered":"<p>\u2026Integrantes toman protesta para fortalecer el trabajo conjunto e impulsar pol\u00edticas p\u00fablicas que transformen la salud de las comunidades <\/p>\n<p>\u2026El organismo lo conforman alcaldes y alcaldesas de los 13 municipios<\/p>\n<p> \u2026Se comprometen a realizar proyectos de promoci\u00f3n para el autocuidado y dar soluci\u00f3n a demandas de la poblaci\u00f3n en materia de salud p\u00fablica<\/p>\n","protected":false},"author":4,"featured_media":4104,"comment_status":"open","ping_status":"open","sticky":false,"template":"","format":"standard","meta":{"_et_pb_use_builder":"","_et_pb_old_content":"","_et_gb_content_width":"","_jetpack_memberships_contains_paid_content":false,"footnotes":""},"categories":[14],"tags":[],"class_list":["post-4103","post","type-post","status-publish","format-standard","has-post-thumbnail","hentry","category-boletines"],"acf":[],"jetpack_sharing_enabled":true,"jetpack_featured_media_url":"https:\/\/salud.campeche.gob.mx\/wp-content\/uploads\/2025\/07\/red-mpios-por-la-salud-2.jpeg","_links":{"self":[{"href":"https:\/\/salud.campeche.gob.mx\/index.php?rest_route=\/wp\/v2\/posts\/4103","targetHints":{"allow":["GET"]}}],"collection":[{"href":"https:\/\/salud.campeche.gob.mx\/index.php?rest_route=\/wp\/v2\/posts"}],"about":[{"href":"https:\/\/salud.campeche.gob.mx\/index.php?rest_route=\/wp\/v2\/types\/post"}],"author":[{"embeddable":true,"href":"https:\/\/salud.campeche.gob.mx\/index.php?rest_route=\/wp\/v2\/users\/4"}],"replies":[{"embeddable":true,"href":"https:\/\/salud.campeche.gob.mx\/index.php?rest_route=%2Fwp%2Fv2%2Fcomments&post=4103"}],"version-history":[{"count":2,"href":"https:\/\/salud.campeche.gob.mx\/index.php?rest_route=\/wp\/v2\/posts\/4103\/revisions"}],"predecessor-version":[{"id":4106,"href":"https:\/\/salud.campeche.gob.mx\/index.php?rest_route=\/wp\/v2\/posts\/4103\/revisions\/4106"}],"wp:featuredmedia":[{"embeddable":true,"href":"https:\/\/salud.campeche.gob.mx\/index.php?rest_route=\/wp\/v2\/media\/4104"}],"wp:attachment":[{"href":"https:\/\/salud.campeche.gob.mx\/index.php?rest_route=%2Fwp%2Fv2%2Fmedia&parent=4103"}],"wp:term":[{"taxonomy":"category","embeddable":true,"href":"https:\/\/salud.campeche.gob.mx\/index.php?rest_route=%2Fwp%2Fv2%2Fcategories&post=4103"},{"taxonomy":"post_tag","embeddable":true,"href":"https:\/\/salud.campeche.gob.mx\/index.php?rest_route=%2Fwp%2Fv2%2Ftags&post=4103"}],"curies":[{"name":"wp","href":"https:\/\/api.w.org\/{rel}","templated":true}]}}