{"id":4599,"date":"2026-04-30T14:03:30","date_gmt":"2026-04-30T14:03:30","guid":{"rendered":"https:\/\/salud.campeche.gob.mx\/?p=4599"},"modified":"2026-04-30T14:03:30","modified_gmt":"2026-04-30T14:03:30","slug":"la-semana-nacional-de-vacunacion-2026-es-del-25-de-abril-al-2-de-mayo","status":"publish","type":"post","link":"https:\/\/salud.campeche.gob.mx\/?p=4599","title":{"rendered":"La Semana Nacional de Vacunaci\u00f3n 2026 es del 25 de abril al 2 de mayo"},"content":{"rendered":"<p>Tras hacer un llamado a la poblaci\u00f3n a participar en la 1\u00aa Semana Nacional de Vacunaci\u00f3n 2026, que se realiza del 25 de abril al 2 de mayo, para que completen esquemas b\u00e1sicos, la secretaria de Salud, Josefa Castillo Avenda\u00f1o, inaugur\u00f3 el arranque de este ejercicio en la Escuela Primaria \u201cPresidente Adolfo Ruiz Cortines\u201d, donde estuvieron la titular del IMSS en Campeche, Flor Irene Rodr\u00edguez Melo, la directora del plantel, Leydi Guadalupe Xool Mej\u00eda, maestros y padres de familia.<br \/>\nCon el lema \u201cVacunar es Amar\u201d, se aplicar\u00e1n dosis contra enfermedades como el\u00a0<a class=\"x1i10hfl xjbqb8w x1ejq31n x18oe1m7 x1sy0etr xstzfhl x972fbf x10w94by x1qhh985 x14e42zd x9f619 x1ypdohk xt0psk2 x3ct3a4 xdj266r x14z9mp xat24cr x1lziwak xexx8yu xyri2b x18d9i69 x1c1uobl x16tdsg8 x1hl2dhg xggy1nq x1a2a7pz  _aa9_ _a6hd\" role=\"link\" href=\"https:\/\/www.instagram.com\/explore\/tags\/sarampi%C3%B3n\/\">#Sarampi\u00f3n<\/a>\u00a0para menores y todos los grupos de edad.<\/p>\n","protected":false},"excerpt":{"rendered":"<p>&#8230;Hacen llamado a vacunarse en la 1\u00aa Semana Nacional de Vacunaci\u00f3n 2026<\/p>\n<p>&#8230;Se aplicar\u00e1n dosis contra enfermedades como el\u00a0Sarampi\u00f3n<\/p>\n","protected":false},"author":4,"featured_media":4600,"comment_status":"open","ping_status":"open","sticky":false,"template":"","format":"standard","meta":{"_et_pb_use_builder":"","_et_pb_old_content":"","_et_gb_content_width":"","_jetpack_memberships_contains_paid_content":false,"footnotes":""},"categories":[14],"tags":[],"class_list":["post-4599","post","type-post","status-publish","format-standard","has-post-thumbnail","hentry","category-boletines"],"acf":[],"jetpack_sharing_enabled":true,"jetpack_featured_media_url":"https:\/\/salud.campeche.gob.mx\/wp-content\/uploads\/2026\/04\/Captura-de-pantalla-2026-04-30-075825.png","_links":{"self":[{"href":"https:\/\/salud.campeche.gob.mx\/index.php?rest_route=\/wp\/v2\/posts\/4599","targetHints":{"allow":["GET"]}}],"collection":[{"href":"https:\/\/salud.campeche.gob.mx\/index.php?rest_route=\/wp\/v2\/posts"}],"about":[{"href":"https:\/\/salud.campeche.gob.mx\/index.php?rest_route=\/wp\/v2\/types\/post"}],"author":[{"embeddable":true,"href":"https:\/\/salud.campeche.gob.mx\/index.php?rest_route=\/wp\/v2\/users\/4"}],"replies":[{"embeddable":true,"href":"https:\/\/salud.campeche.gob.mx\/index.php?rest_route=%2Fwp%2Fv2%2Fcomments&post=4599"}],"version-history":[{"count":1,"href":"https:\/\/salud.campeche.gob.mx\/index.php?rest_route=\/wp\/v2\/posts\/4599\/revisions"}],"predecessor-version":[{"id":4601,"href":"https:\/\/salud.campeche.gob.mx\/index.php?rest_route=\/wp\/v2\/posts\/4599\/revisions\/4601"}],"wp:featuredmedia":[{"embeddable":true,"href":"https:\/\/salud.campeche.gob.mx\/index.php?rest_route=\/wp\/v2\/media\/4600"}],"wp:attachment":[{"href":"https:\/\/salud.campeche.gob.mx\/index.php?rest_route=%2Fwp%2Fv2%2Fmedia&parent=4599"}],"wp:term":[{"taxonomy":"category","embeddable":true,"href":"https:\/\/salud.campeche.gob.mx\/index.php?rest_route=%2Fwp%2Fv2%2Fcategories&post=4599"},{"taxonomy":"post_tag","embeddable":true,"href":"https:\/\/salud.campeche.gob.mx\/index.php?rest_route=%2Fwp%2Fv2%2Ftags&post=4599"}],"curies":[{"name":"wp","href":"https:\/\/api.w.org\/{rel}","templated":true}]}}